{"id":454,"date":"2024-02-13T20:04:26","date_gmt":"2024-02-13T19:04:26","guid":{"rendered":"https:\/\/chirurgie.webtrics.ch\/non-classifiee\/heures-de-consultation\/"},"modified":"2024-03-07T13:53:38","modified_gmt":"2024-03-07T12:53:38","slug":"heures-de-consultation","status":"publish","type":"post","link":"https:\/\/chirurgie-lyss.ch\/fr\/non-classifiee\/heures-de-consultation\/","title":{"rendered":"Heures de consultation"},"content":{"rendered":"\n<p><strong>Nos heures de consultation :<\/strong><\/p>\n\n<ul class=\"wp-block-list\">\n<li>Lu \/ Ma \/ Je \/ Ve 08:00 &#8211; 11:30 et 14:00 &#8211; 16:30  <\/li>\n\n\n\n<li>le mercredi, le centre m\u00e9dical de Lyss est ferm\u00e9 et le t\u00e9l\u00e9phone n&rsquo;est pas desservi.<\/li>\n\n\n\n<li>Apr\u00e8s accord individuel, des entretiens pr\u00e9alables sont \u00e9galement possibles le jeudi soir.<\/li>\n<\/ul>\n\n<p>Vous avez la possibilit\u00e9 de vous faire adresser \u00e0 nous par votre m\u00e9decin de famille ou de vous inscrire directement \u00e0 une consultation.  <br\/>Attention : si vous \u00eates assur\u00e9(e) dans le \u00ab\u00a0mod\u00e8le du m\u00e9decin de famille\u00a0\u00bb, vous devez \u00eatre envoy\u00e9(e) par votre m\u00e9decin de famille : vous risquez sinon de ne pas \u00eatre rembours\u00e9(e) par la caisse de maladie.<\/p>\n\n<p>Pour prendre rendez-vous, vous pouvez nous joindre au 032 386 77 44.  <br\/>Nous nous r\u00e9jouissons de vous accueillir dans notre cabinet !  <\/p>\n","protected":false},"excerpt":{"rendered":"<p>Nos heures de consultation : Vous avez la possibilit\u00e9 de vous faire adresser \u00e0 nous par votre m\u00e9decin de famille ou de vous inscrire directement \u00e0 une consultation. Attention : si vous \u00eates assur\u00e9(e) dans le \u00ab\u00a0mod\u00e8le du m\u00e9decin de famille\u00a0\u00bb, vous devez \u00eatre envoy\u00e9(e) par votre m\u00e9decin de famille : vous risquez sinon de [&hellip;]<\/p>\n","protected":false},"author":1,"featured_media":388,"comment_status":"closed","ping_status":"open","sticky":false,"template":"","format":"standard","meta":{"footnotes":""},"categories":[11],"tags":[],"class_list":["post-454","post","type-post","status-publish","format-standard","has-post-thumbnail","hentry","category-non-classifiee"],"_links":{"self":[{"href":"https:\/\/chirurgie-lyss.ch\/fr\/wp-json\/wp\/v2\/posts\/454","targetHints":{"allow":["GET"]}}],"collection":[{"href":"https:\/\/chirurgie-lyss.ch\/fr\/wp-json\/wp\/v2\/posts"}],"about":[{"href":"https:\/\/chirurgie-lyss.ch\/fr\/wp-json\/wp\/v2\/types\/post"}],"author":[{"embeddable":true,"href":"https:\/\/chirurgie-lyss.ch\/fr\/wp-json\/wp\/v2\/users\/1"}],"replies":[{"embeddable":true,"href":"https:\/\/chirurgie-lyss.ch\/fr\/wp-json\/wp\/v2\/comments?post=454"}],"version-history":[{"count":3,"href":"https:\/\/chirurgie-lyss.ch\/fr\/wp-json\/wp\/v2\/posts\/454\/revisions"}],"predecessor-version":[{"id":611,"href":"https:\/\/chirurgie-lyss.ch\/fr\/wp-json\/wp\/v2\/posts\/454\/revisions\/611"}],"wp:featuredmedia":[{"embeddable":true,"href":"https:\/\/chirurgie-lyss.ch\/fr\/wp-json\/wp\/v2\/media\/388"}],"wp:attachment":[{"href":"https:\/\/chirurgie-lyss.ch\/fr\/wp-json\/wp\/v2\/media?parent=454"}],"wp:term":[{"taxonomy":"category","embeddable":true,"href":"https:\/\/chirurgie-lyss.ch\/fr\/wp-json\/wp\/v2\/categories?post=454"},{"taxonomy":"post_tag","embeddable":true,"href":"https:\/\/chirurgie-lyss.ch\/fr\/wp-json\/wp\/v2\/tags?post=454"}],"curies":[{"name":"wp","href":"https:\/\/api.w.org\/{rel}","templated":true}]}}